{"id":142,"date":"2026-04-07T10:08:16","date_gmt":"2026-04-07T10:08:16","guid":{"rendered":"https:\/\/www.main-reim.de\/html\/mr26\/?p=142"},"modified":"2026-04-25T09:44:01","modified_gmt":"2026-04-25T09:44:01","slug":"vorankuendigung-main-reim-schreibt-2026-wieder-einen-lyrik-wettbewerb-aus","status":"publish","type":"post","link":"https:\/\/www.main-reim.de\/html\/mr26\/?p=142","title":{"rendered":"Main-Reim schreibt 2026 wieder einen Lyrik-Wettbewerb aus."},"content":{"rendered":"\n<figure class=\"wp-block-image size-full is-resized is-style-default\"><img loading=\"lazy\" decoding=\"async\" width=\"614\" height=\"614\" src=\"https:\/\/www.main-reim.de\/html\/mr26\/wp-content\/uploads\/2026\/04\/EmptyName.jpg\" alt=\"\" class=\"wp-image-166\" style=\"aspect-ratio:3\/2;object-fit:cover;width:750px\" srcset=\"https:\/\/www.main-reim.de\/html\/mr26\/wp-content\/uploads\/2026\/04\/EmptyName.jpg 614w, https:\/\/www.main-reim.de\/html\/mr26\/wp-content\/uploads\/2026\/04\/EmptyName-300x300.jpg 300w, https:\/\/www.main-reim.de\/html\/mr26\/wp-content\/uploads\/2026\/04\/EmptyName-150x150.jpg 150w\" sizes=\"auto, (max-width: 614px) 100vw, 614px\" \/><\/figure>\n\n\n\n<p><strong>Der Verein zur F\u00f6rderung der Dichtung schreibt Lyrikwettbewerb 2026 aus.<\/strong><\/p>\n\n\n\n<p>Bereits zum sechsten Mal schreibt der Verein zur F\u00f6rderung der Dichtung am Untermain e.V., kurz Main-Reim (www.main-reim.de) , seinen alle zwei Jahre vergebenen Lyrikpreis aus.&nbsp;<\/p>\n\n\n\n<p>Ganz der Dichtung regionaler Themen verpflichtet ist das Thema in diesem Jahr:<\/p>\n\n\n\n<p><strong>Spessart<\/strong><\/p>\n\n\n\n<p>Den Siegerinnen und Siegern stehen insgesamt Siegpr\u00e4mien an Geld- und Sachpreisen von \u20ac 500,00 in Aussicht.<\/p>\n\n\n\n<p><strong>Teilnahmebedingungen:<\/strong><\/p>\n\n\n\n<p><strong>Startschuss:<\/strong> &nbsp;1. Mai <a>2026<\/a><\/p>\n\n\n\n<p><strong>Eisendeschluss<\/strong>: 15. Juli 2026<\/p>\n\n\n\n<p><strong>Personenstatus:<\/strong><\/p>\n\n\n\n<p>Teilnahme berechtigt sind grunds\u00e4tzlich alle nat\u00fcrlichen Personen.<\/p>\n\n\n\n<p><strong>Umfang<\/strong>:&nbsp;<\/p>\n\n\n\n<p>Pro Teilnehmer kann nur ein Gedicht in deutscher Sprache eingesandt werden. Das St\u00fcck darf nicht l\u00e4nger als 1.500 Schriftzeichen, inkl. Leerzeichen lang sein. Graphische Elemente, zus\u00e4tzliche Erkl\u00e4rung oder Annotationen zum Text werden nicht angenommen. Elemente der konkreten Poesie sind hingegen zul\u00e4ssig, m\u00fcssen aber im Text und dem Dateiformat darstellbar sein.<\/p>\n\n\n\n<p><strong>Lyrische Ausgestaltung<\/strong>:<\/p>\n\n\n\n<p>Sie k\u00f6nnen das Wettbewerbsthema \u201eSpessart\u201c frei interpretieren. Es gibt keine stilistischen Einschr\u00e4nkungen.<\/p>\n\n\n\n<p><strong>Ver\u00f6ffentlichungsstatus\/Urheberrecht:<\/strong><\/p>\n\n\n\n<p>Teilnahmeberechtigt sind allein bisher unver\u00f6ffentlichte Texte.<\/p>\n\n\n\n<p>Unver\u00f6ffentlicht bedeutet: Keine Publikation in B\u00fcchern, Anthologien, literarischen Zeitschriften und Journalen und im Internet, inkl. privater Homepages. Die Rechte an den Texten liegen allein bei der Autorin\/des Autors und verletzen die Publikationsrechte Dritter nicht.<\/p>\n\n\n\n<p>Die Texte bleiben auch nach der Teilnahme des Wettbewerbs das geistige Eigentum der Autorin\/des Autors.<\/p>\n\n\n\n<p><strong>Kosten:<\/strong><\/p>\n\n\n\n<p>Die Teilnahme an dem Lyrikwettbewerb ist grunds\u00e4tzlich kostenfrei. Es werden keine Teilnahmegeb\u00fchren oder sp\u00e4ter Ver\u00f6ffentlichungspauschalen erhoben.<\/p>\n\n\n\n<p><strong>Einsendung:<br><br><\/strong>erfolgt \u00fcber folgendes Formular&nbsp; <a href=\"https:\/\/docs.google.com\/forms\/d\/1RupUkhIotErSozuMs6vYWEnbVy-AVhg9fuK25xJN_fc\/viewform?edit_requested=true\" target=\"_blank\" rel=\"noreferrer noopener\">Main-Reim Lyrik-Wettbewerb 2026<\/a><br>Schriftliche Einsendung in Papierform werden grunds\u00e4tzlich nicht angenommen.<\/p>\n\n\n\n<p>Sollten Sie Ihren Text aus technischen Gr\u00fcnden nicht per Formular einreichen k\u00f6nnen, haben Sie noch die M\u00f6glichkeit, Ihren Text als PDF-Datei einzusenden. Beizuf\u00fcgen sind Kontaktdaten, analog zu den Formularfeldern.<\/p>\n\n\n\n<p>Bitte im Mailtext folgenden Passus hinzuf\u00fcgen:<br><br>&#8211; Hiermit gestatte ich die Ver\u00f6ffentlichung meines Textes auf&nbsp;<a href=\"http:\/\/www.main-reim.de\">www.main-reim.de<\/a>, in den sozialen Medien des Vereins zur F\u00f6rderung der Dichtung am Untermain e.V. und im Rahmen der Berichterstattung und der Preisverleihung auch zur Ver\u00f6ffentlichung in der regionalen Presse Medien und gegebenenfalls als Auslage\/Aushang<br><br>&#8211; Ich habe alle Rechte an dem eingereichten Text und er ist bisher nicht ver\u00f6ffentlicht worden.<br><br>Kontaktadresse:&nbsp;<a href=\"mailto:wettbewerb@main-reim.de\">wettbewerb@main-reim.de<\/a><\/p>\n\n\n\n<p>Die Einsendung von verschiedenen Versionen oder Text\u00e4nderungen nach der Einsendung des St\u00fccks \u00fcber das oben genannte Portal sind ausdr\u00fccklich nicht zul\u00e4ssig.<\/p>\n\n\n\n<p><strong>Weitere Kommunikation:<\/strong><\/p>\n\n\n\n<p>Nach der Einsendung erhalten Sie eine Eingangsbest\u00e4tigung. Weitere Fragen zum Wettbewerbsverlauf, etwaigen Platzierungen und \u00c4nderungsw\u00fcnsche am Text werden nicht beantwortet. Die zehn Bestplatzierten des Wettbewerbs werden rechtzeitig im Laufe des Herbst vor der Preisverleihung informiert.<\/p>\n\n\n\n<p><strong>Rechtsweg:<\/strong><\/p>\n\n\n\n<p>Die Nominierung der Texte obliegt inhaltlich wie disziplinarisch allein dem Ermessen der Jury. Es gibt keinen Anspruch auf den Gewinn des Wettbewerbs und der Rechtsweg ist grunds\u00e4tzlich ausgeschlossen.<\/p>\n\n\n\n<p><strong>Ver\u00f6ffentlichungen im Rahmen des Wettbewerbs:<\/strong><\/p>\n\n\n\n<p>Mit der Teilnahme erkl\u00e4rt sich der Teilnehmer zu Ver\u00f6ffentlichung seines Werkes auf www.main-reim.de, in den sozialen Medien des Vereins zur F\u00f6rderung der Dichtung am Untermain e.V. und im Rahmen der Berichterstattung und der Preisverleihung auch zur Ver\u00f6ffentlichung in der regionalen Presse Medien und gegebenenfalls als Auslage\/Aushang bereit.<\/p>\n\n\n\n<p><strong>Preisverleihung:<\/strong><\/p>\n\n\n\n<p>Die Gewinner werden zur Er\u00f6ffnung der 6. Aschaffenburger Buchmesse im Schloss Johannisburg am Samstag, 14. November 2026 bekannt gegeben. Die Autorinnen und Autoren k\u00f6nnen die Siegertexte entweder selbst oder durch ein Mitglied des Vereins zur F\u00f6rderung der Dichtkunst am Untermain e.V. vortragen lassen.<\/p>\n\n\n\n<p><strong>Zu den Preisen:<\/strong><\/p>\n\n\n\n<p>Zu gewinnen gibt es Geld- und Sachpreise im Wert von 500,- \u20ac.<\/p>\n\n\n\n<p>Wir freuen uns auf spannende, nachdenkliche, mitrei\u00dfende, lustige oder sentimentale Gedichte zum Thema \u201eSpessart\u201c<\/p>\n\n\n\n<p>Viel Erfolg.<\/p>\n\n\n\n<p>Teilnahmeformular Main-Reim Lyrikwettbewerb 2026.<br><a href=\"https:\/\/docs.google.com\/forms\/d\/1RupUkhIotErSozuMs6vYWEnbVy-AVhg9fuK25xJN_fc\/viewform?edit_requested=true\">Main-Reim Lyrik-Wettbewerb 2026<\/a><\/p>\n\n\n\n<p>Thema: &#8222;Spessart&#8220;<\/p>\n","protected":false},"excerpt":{"rendered":"<p>Der Verein zur F\u00f6rderung der Dichtung schreibt Lyrikwettbewerb 2026 aus. Bereits zum sechsten Mal schreibt der Verein zur F\u00f6rderung der Dichtung am Untermain e.V., kurz Main-Reim (www.main-reim.de) , seinen alle zwei Jahre vergebenen Lyrikpreis aus.&nbsp; Ganz der Dichtung regionaler Themen &hellip; <a href=\"https:\/\/www.main-reim.de\/html\/mr26\/?p=142\">Weiterlesen <span class=\"meta-nav\">&rarr;<\/span><\/a><\/p>\n","protected":false},"author":2,"featured_media":158,"comment_status":"closed","ping_status":"","sticky":false,"template":"","format":"standard","meta":{"footnotes":""},"categories":[11,5,3],"tags":[],"class_list":["post-142","post","type-post","status-publish","format-standard","has-post-thumbnail","hentry","category-wettbewerb","category-n","category-t"],"_links":{"self":[{"href":"https:\/\/www.main-reim.de\/html\/mr26\/index.php?rest_route=\/wp\/v2\/posts\/142","targetHints":{"allow":["GET"]}}],"collection":[{"href":"https:\/\/www.main-reim.de\/html\/mr26\/index.php?rest_route=\/wp\/v2\/posts"}],"about":[{"href":"https:\/\/www.main-reim.de\/html\/mr26\/index.php?rest_route=\/wp\/v2\/types\/post"}],"author":[{"embeddable":true,"href":"https:\/\/www.main-reim.de\/html\/mr26\/index.php?rest_route=\/wp\/v2\/users\/2"}],"replies":[{"embeddable":true,"href":"https:\/\/www.main-reim.de\/html\/mr26\/index.php?rest_route=%2Fwp%2Fv2%2Fcomments&post=142"}],"version-history":[{"count":6,"href":"https:\/\/www.main-reim.de\/html\/mr26\/index.php?rest_route=\/wp\/v2\/posts\/142\/revisions"}],"predecessor-version":[{"id":170,"href":"https:\/\/www.main-reim.de\/html\/mr26\/index.php?rest_route=\/wp\/v2\/posts\/142\/revisions\/170"}],"wp:featuredmedia":[{"embeddable":true,"href":"https:\/\/www.main-reim.de\/html\/mr26\/index.php?rest_route=\/wp\/v2\/media\/158"}],"wp:attachment":[{"href":"https:\/\/www.main-reim.de\/html\/mr26\/index.php?rest_route=%2Fwp%2Fv2%2Fmedia&parent=142"}],"wp:term":[{"taxonomy":"category","embeddable":true,"href":"https:\/\/www.main-reim.de\/html\/mr26\/index.php?rest_route=%2Fwp%2Fv2%2Fcategories&post=142"},{"taxonomy":"post_tag","embeddable":true,"href":"https:\/\/www.main-reim.de\/html\/mr26\/index.php?rest_route=%2Fwp%2Fv2%2Ftags&post=142"}],"curies":[{"name":"wp","href":"https:\/\/api.w.org\/{rel}","templated":true}]}}